{"id":16759,"date":"2020-11-11T22:28:40","date_gmt":"2020-11-12T01:28:40","guid":{"rendered":"https:\/\/culturas.cc\/congresso2020\/?p=16759"},"modified":"2020-11-11T22:55:16","modified_gmt":"2020-11-12T01:55:16","slug":"gestao-cultural-do-tecnicismo-as-insurgencias","status":"publish","type":"post","link":"https:\/\/culturas.cc\/congresso2020\/16759\/","title":{"rendered":"Gest\u00e3o Cultural: do Tecnicismo \u00e0s Insurg\u00eancias"},"content":{"rendered":"\n<h3 class=\"wp-block-heading\">Gisele Nussbaumer, Isabela Silveira, St\u00e9fane Souto e Vitor Barreto.<\/h3>\n\n\n\n<p>A mesa aborda a import\u00e2ncia da gest\u00e3o cultural no desenvolvimento do campo da cultura no Brasil, apontando perspectivas e conjunturas favor\u00e1veis e desfavor\u00e1veis. Em oposi\u00e7\u00e3o a uma vis\u00e3o tecnicista do exerc\u00edcio de gestoras e gestores, defende uma atua\u00e7\u00e3o cr\u00edtica e engajada, capaz de enfrentar os desafios complexos do contexto em vivemos. Destaca ainda insurg\u00eancias e experi\u00eancias contempor\u00e2neas que se apresentam como possibilidades e refer\u00eancias para uma gest\u00e3o cultural comprometida.<\/p>\n","protected":false},"excerpt":{"rendered":"<p>Gisele Nussbaumer, Isabela Silveira, St\u00e9fane Souto e Vitor Barreto. A mesa aborda a import\u00e2ncia da gest\u00e3o cultural no desenvolvimento do campo da cultura no Brasil, apontando perspectivas e conjunturas favor\u00e1veis&#8230;<\/p>\n","protected":false},"author":137,"featured_media":16743,"comment_status":"open","ping_status":"open","sticky":false,"template":"","format":"standard","meta":{"_bbp_topic_count":0,"_bbp_reply_count":0,"_bbp_total_topic_count":0,"_bbp_total_reply_count":0,"_bbp_voice_count":0,"_bbp_anonymous_reply_count":0,"_bbp_topic_count_hidden":0,"_bbp_reply_count_hidden":0,"_bbp_forum_subforum_count":0,"_jetpack_memberships_contains_paid_content":false,"footnotes":""},"categories":[157,163,1],"tags":[],"class_list":["post-16759","post","type-post","status-publish","format-standard","has-post-thumbnail","hentry","category-gt-1","category-live-2","category-resumos"],"jetpack_featured_media_url":"https:\/\/i0.wp.com\/culturas.cc\/congresso2020\/wp-content\/uploads\/sites\/9\/2020\/11\/GT1.png?fit=600%2C600&ssl=1","jetpack_sharing_enabled":true,"_links":{"self":[{"href":"https:\/\/culturas.cc\/congresso2020\/wp-json\/wp\/v2\/posts\/16759","targetHints":{"allow":["GET"]}}],"collection":[{"href":"https:\/\/culturas.cc\/congresso2020\/wp-json\/wp\/v2\/posts"}],"about":[{"href":"https:\/\/culturas.cc\/congresso2020\/wp-json\/wp\/v2\/types\/post"}],"author":[{"embeddable":true,"href":"https:\/\/culturas.cc\/congresso2020\/wp-json\/wp\/v2\/users\/137"}],"replies":[{"embeddable":true,"href":"https:\/\/culturas.cc\/congresso2020\/wp-json\/wp\/v2\/comments?post=16759"}],"version-history":[{"count":1,"href":"https:\/\/culturas.cc\/congresso2020\/wp-json\/wp\/v2\/posts\/16759\/revisions"}],"predecessor-version":[{"id":16760,"href":"https:\/\/culturas.cc\/congresso2020\/wp-json\/wp\/v2\/posts\/16759\/revisions\/16760"}],"wp:featuredmedia":[{"embeddable":true,"href":"https:\/\/culturas.cc\/congresso2020\/wp-json\/wp\/v2\/media\/16743"}],"wp:attachment":[{"href":"https:\/\/culturas.cc\/congresso2020\/wp-json\/wp\/v2\/media?parent=16759"}],"wp:term":[{"taxonomy":"category","embeddable":true,"href":"https:\/\/culturas.cc\/congresso2020\/wp-json\/wp\/v2\/categories?post=16759"},{"taxonomy":"post_tag","embeddable":true,"href":"https:\/\/culturas.cc\/congresso2020\/wp-json\/wp\/v2\/tags?post=16759"}],"curies":[{"name":"wp","href":"https:\/\/api.w.org\/{rel}","templated":true}]}}