{"id":16749,"date":"2020-11-11T20:57:31","date_gmt":"2020-11-11T23:57:31","guid":{"rendered":"https:\/\/culturas.cc\/congresso2020\/?p=16749"},"modified":"2020-11-11T22:22:17","modified_gmt":"2020-11-12T01:22:17","slug":"racismo-e-antirracismo-no-esporte-o-que-dizem-as-denuncias-do-observatorio-da-discriminacao-racial-no-futebol-bruno-otavio-de-lacerda-abrahao-george-roque-braga-oliveira-cleyto","status":"publish","type":"post","link":"https:\/\/culturas.cc\/congresso2020\/16749\/","title":{"rendered":"Racismo e antirracismo no esporte: o que dizem as den\u00fancias do \u201cobservat\u00f3rio da discrimina\u00e7\u00e3o racial no futebol\u201d?"},"content":{"rendered":"\n<h3 class=\"wp-block-heading\">Bruno Ot\u00e1vio de Lacerda Abrah\u00e3o, George Roque Braga Oliveira, Cleyton Batista, Jiliane de Santana Souza, Jo\u00e3o Gabriel Alves da Silva Dantas<\/h3>\n\n\n\n<p>O esporte \u00e9 parte do patrim\u00f4nio hist\u00f3rico e cultural da humanidade. Se \u00e9 a cultura que humaniza o homem e o esporte comunica parte dos valores sociais, ele passa a receber especial aten\u00e7\u00e3o por revelar-se um ve\u00edculo privilegiado para a interpreta\u00e7\u00e3o dos significados norteadores da vida em sociedade. A discuss\u00e3o sobre Ra\u00e7a \u00e9 um fen\u00f4meno social dado neste universo por tratar-se de constru\u00e7\u00f5es sociais vivenciadas corporalmente e, por isso, presente nas discuss\u00f5es contempor\u00e2neas sobre multiculturalismo. Este tem como uma de suas pautas o combate \u00e0s discrimina\u00e7\u00f5es. Para auxiliar esta demanda no cen\u00e1rio esportivo, foi criado, em 2014, o Observat\u00f3rio da Discrimina\u00e7\u00e3o Racial no Futebol objetivando monitorar, acompanhar, noticiar os casos de racismo no futebol brasileiro. Assim, esta mesa tem por finalidade problematizar as den\u00fancias de discrimina\u00e7\u00e3o racial neste \u00e2mbito. Tomamos como fonte 5 relat\u00f3rios anuais (2014 a 2018), elaborados e divulgados pelo site do supracitado Observat\u00f3rio. Conforme este Relat\u00f3rio de 2018, foram registrados 88 casos de incid\u00eancia no Brasil e em outros pa\u00edses. 79 ocorreram no futebol, sendo 71 em territ\u00f3rio nacional e 08 com brasileiros no exterior. Desses, 52 casos foram de discrimina\u00e7\u00e3o racial e 27 referentes a outras discrimina\u00e7\u00f5es: 04 casos de LGBTfobia, 16 casos de machismo e 07 de xenofobia. Concentrando na discrimina\u00e7\u00e3o racial, observamos que dos 52 casos, 33 vitimizaram atletas, 03 referiram-se ao quadro de arbitragem, 12 v\u00edtimas foram torcedores e 01 teve como alvo um policial que prestava servi\u00e7o no est\u00e1dio. Em 03, o agressor fez refer\u00eancia \u00e0 coletividade (pessoas negras). Quando a an\u00e1lise das ocorr\u00eancias \u00e9 o Brasil, dos 44 casos relacionados ao \u201csuposto caso de racismo\u201d no futebol tiveram como locais de incid\u00eancia: 29 em est\u00e1dios, 12 na internet e 03 ocorreram em outros espa\u00e7os. O estado de S\u00e3o Paulo liderou as ocorr\u00eancias de 2018 com 04 casos. O relat\u00f3rio apresentou um hist\u00f3rico que incluiu os quatro anos anteriores. Sobre o racismo, as incid\u00eancias foram: 20, 35, 25, 43 e 44, respectivamente, correspondentes aos anos: 2014 a 2018, totalizando 167 casos, m\u00e9dia de 33,4 por ano. Dos 26 estados brasileiros e Distrito Federal, 21 apresentaram ao menos um caso, sendo os tr\u00eas com maiores incid\u00eancias: RS (27), SP (17) e MG (09), que juntos, correspondem a 52% dos dados levantados. Relativo ao local, 72% das incid\u00eancias ocorreram em est\u00e1dio, 24% na internet e 4% em outros espa\u00e7os. O Observat\u00f3rio aponta que, dos 32 casos julgados pela Justi\u00e7a desportiva (TJD \u2013 STJD), em 17 (53,1%) existiu algum tipo de puni\u00e7\u00e3o e 15 (46,9%) dos casos foram absolvidos. A predomin\u00e2ncia na natureza das ofensas \u00e9 bastante not\u00f3ria, uma vez que h\u00e1 uma recorr\u00eancia de ofensas \u00e0s pessoas negras que s\u00e3o submetidas \u00e0s compara\u00e7\u00f5es relacionadas com o termo \u201cmacaco\u201d<strong>.<\/strong> H\u00e1 previs\u00e3o de diferentes tipos de penalidades para clubes e torcedores. Como respostas preliminares, podemos dizer que a moderniza\u00e7\u00e3o do futebol tem procurado contemplar o combate \u00e0 discrimina\u00e7\u00e3o racial, entretanto tamb\u00e9m tem revelado a cultura da qual faz parte, na medida em que exp\u00f5e os significados associados \u00e0 \u201cra\u00e7a negra\u201d vociferados no \u201ccalor do jogo\u201d.<\/p>\n","protected":false},"excerpt":{"rendered":"<p>Bruno Ot\u00e1vio de Lacerda Abrah\u00e3o, George Roque Braga Oliveira, Cleyton Batista, Jiliane de Santana Souza, Jo\u00e3o Gabriel Alves da Silva Dantas O esporte \u00e9 parte do patrim\u00f4nio hist\u00f3rico e cultural&#8230;<\/p>\n","protected":false},"author":137,"featured_media":16743,"comment_status":"open","ping_status":"open","sticky":false,"template":"","format":"standard","meta":{"_bbp_topic_count":0,"_bbp_reply_count":0,"_bbp_total_topic_count":0,"_bbp_total_reply_count":0,"_bbp_voice_count":0,"_bbp_anonymous_reply_count":0,"_bbp_topic_count_hidden":0,"_bbp_reply_count_hidden":0,"_bbp_forum_subforum_count":0,"_jetpack_memberships_contains_paid_content":false,"footnotes":""},"categories":[157,162,1],"tags":[],"class_list":["post-16749","post","type-post","status-publish","format-standard","has-post-thumbnail","hentry","category-gt-1","category-live-1","category-resumos"],"jetpack_featured_media_url":"https:\/\/i0.wp.com\/culturas.cc\/congresso2020\/wp-content\/uploads\/sites\/9\/2020\/11\/GT1.png?fit=600%2C600&ssl=1","jetpack_sharing_enabled":true,"_links":{"self":[{"href":"https:\/\/culturas.cc\/congresso2020\/wp-json\/wp\/v2\/posts\/16749","targetHints":{"allow":["GET"]}}],"collection":[{"href":"https:\/\/culturas.cc\/congresso2020\/wp-json\/wp\/v2\/posts"}],"about":[{"href":"https:\/\/culturas.cc\/congresso2020\/wp-json\/wp\/v2\/types\/post"}],"author":[{"embeddable":true,"href":"https:\/\/culturas.cc\/congresso2020\/wp-json\/wp\/v2\/users\/137"}],"replies":[{"embeddable":true,"href":"https:\/\/culturas.cc\/congresso2020\/wp-json\/wp\/v2\/comments?post=16749"}],"version-history":[{"count":2,"href":"https:\/\/culturas.cc\/congresso2020\/wp-json\/wp\/v2\/posts\/16749\/revisions"}],"predecessor-version":[{"id":16756,"href":"https:\/\/culturas.cc\/congresso2020\/wp-json\/wp\/v2\/posts\/16749\/revisions\/16756"}],"wp:featuredmedia":[{"embeddable":true,"href":"https:\/\/culturas.cc\/congresso2020\/wp-json\/wp\/v2\/media\/16743"}],"wp:attachment":[{"href":"https:\/\/culturas.cc\/congresso2020\/wp-json\/wp\/v2\/media?parent=16749"}],"wp:term":[{"taxonomy":"category","embeddable":true,"href":"https:\/\/culturas.cc\/congresso2020\/wp-json\/wp\/v2\/categories?post=16749"},{"taxonomy":"post_tag","embeddable":true,"href":"https:\/\/culturas.cc\/congresso2020\/wp-json\/wp\/v2\/tags?post=16749"}],"curies":[{"name":"wp","href":"https:\/\/api.w.org\/{rel}","templated":true}]}}