{"id":16507,"global_id":"culturas.cc\/congresso2020?id=16507","global_id_lineage":["culturas.cc\/congresso2020?id=16507"],"author":"1","status":"publish","date":"2020-11-10 14:37:08","date_utc":"2020-11-10 17:37:08","modified":"2020-11-19 00:07:40","modified_utc":"2020-11-19 03:07:40","url":"https:\/\/culturas.cc\/congresso2020\/event\/live-18-gt3-cultura-desenvolvimento-redes-e-tecnologias\/","rest_url":"https:\/\/culturas.cc\/congresso2020\/wp-json\/tribe\/events\/v1\/events\/16507","title":"LIVE 18 | GT3 &#8211; Cultura, Desenvolvimento, Redes e Tecnologias","description":"<h3 style=\"text-align: center;\">Assista no Youtube<\/h3>\n<h2 style=\"text-align: center;\"><a href=\"https:\/\/www.youtube.com\/watch?v=AOrqR0X25hM\">Clique aqui<\/a><\/h2>\n<h3>Trabalhos<\/h3>\n<p><strong>1\u00ba &#8211; Comunica\u00e7\u00e3o e Intelig\u00eancia de Fontes Abertas |\u00a0<\/strong>Miguel Ticom, <span style=\"font-weight: 400;\">Francisco Mesquita, <\/span><span style=\"font-weight: 400;\">Clarice Moreira Menezes<\/span><\/p>\n<p><strong>2\u00ba &#8211; O contributo da estrat\u00e9gia de comunica\u00e7\u00e3o digital para o desenvolvimento de pol\u00edticas culturais no Norte de Portugal \u2013 Galiza |<\/strong> Joana Tarana, <span style=\"font-weight: 400;\">Ivone Ferreira, <\/span><span style=\"font-weight: 400;\">Z\u00f3simo L\u00f3pez.<\/span><\/p>\n<p><strong>3\u00ba &#8211; As plataformas digitais como ferramentas de acesso \u00e0 m\u00fasica cl\u00e1ssica: o caso OSESP |\u00a0<\/strong><span style=\"font-weight: 400;\">Isadora Minas Langaro Carneiro, <\/span><span style=\"font-weight: 400;\">Allan Tadeu Pugliese, <\/span><span style=\"font-weight: 400;\">Bianca Persici Toniolo..<\/span><\/p>\n<h3>Confira os resumos dos trabalhos:<\/h3>\n<div class=\"cmsmasters_posts_slider cmsmasters_posts_slider_post\" >\r\n\t\t<div id=\"cmsmasters_slider_lykcf8autl18\" class=\"cmsmasters_owl_slider owl-carousel\" data-items=\"3\" data-single-item=\"false\" data-auto-play=\"false\" data-pagination=\"false\"><div class=\"cmsmasters_owl_slider_item\"><!-- Start Posts Slider Post Article -->\r\n<article id=\"post-16842\" class=\"cmsmasters_slider_post post-16842 post type-post status-publish format-standard has-post-thumbnail hentry category-gt-3 category-live-18 category-resumos\">\r\n\t<div class=\"cmsmasters_slider_post_outer\">\r\n\t<div class=\"cmsmasters_slider_post_img_wrap\"><figure class=\"cmsmasters_img_rollover_wrap preloader\"><img loading=\"lazy\" decoding=\"async\" width=\"580\" height=\"580\" src=\"https:\/\/i0.wp.com\/culturas.cc\/congresso2020\/wp-content\/uploads\/sites\/9\/2020\/11\/GT3.png?resize=580%2C580&amp;ssl=1\" class=\"full-width wp-post-image\" alt=\"O contributo da estrat\u00e9gia de comunica\u00e7\u00e3o digital para o desenvolvimento de pol\u00edticas culturais no Norte de Portugal \u2013 Galiza\" title=\"GT3\" srcset=\"https:\/\/i0.wp.com\/culturas.cc\/congresso2020\/wp-content\/uploads\/sites\/9\/2020\/11\/GT3.png?w=600&amp;ssl=1 600w, https:\/\/i0.wp.com\/culturas.cc\/congresso2020\/wp-content\/uploads\/sites\/9\/2020\/11\/GT3.png?resize=300%2C300&amp;ssl=1 300w, https:\/\/i0.wp.com\/culturas.cc\/congresso2020\/wp-content\/uploads\/sites\/9\/2020\/11\/GT3.png?resize=150%2C150&amp;ssl=1 150w, https:\/\/i0.wp.com\/culturas.cc\/congresso2020\/wp-content\/uploads\/sites\/9\/2020\/11\/GT3.png?resize=180%2C180&amp;ssl=1 180w, https:\/\/i0.wp.com\/culturas.cc\/congresso2020\/wp-content\/uploads\/sites\/9\/2020\/11\/GT3.png?resize=580%2C580&amp;ssl=1 580w\" sizes=\"auto, (max-width: 580px) 100vw, 580px\" \/><div class=\"cmsmasters_img_rollover\"><a href=\"https:\/\/culturas.cc\/congresso2020\/16842\/\" title=\"O contributo da estrat\u00e9gia de comunica\u00e7\u00e3o digital para o desenvolvimento de pol\u00edticas culturais no Norte de Portugal \u2013 Galiza\" class=\"cmsmasters_open_link\"><\/a><\/div><\/figure><\/div><header class=\"cmsmasters_slider_post_header entry-header\"><h4 class=\"cmsmasters_slider_post_title entry-title\"><a href=\"https:\/\/culturas.cc\/congresso2020\/16842\/\">O contributo da estrat\u00e9gia de comunica\u00e7\u00e3o digital para o desenvolvimento de pol\u00edticas culturais no Norte de Portugal \u2013 Galiza<\/a><\/h4><\/header><div class=\"cmsmasters_slider_post_cont_info second entry-meta\"><span class=\"cmsmasters_slider_post_author\">by <a href=\"https:\/\/culturas.cc\/congresso2020\/author\/redeculturas\/\" title=\"Posts by culturas.cc\" class=\"vcard author\"><span class=\"fn\" rel=\"author\">culturas.cc<\/span><\/a><\/span><\/div><div class=\"cmsmasters_slider_post_cont_info third entry-meta\"><span class=\"cmsmasters_likes cmsmasters_slider_post_likes\"><a href=\"#\" onclick=\"cmsmastersLike(16842, false); return false;\" id=\"cmsmastersLike-16842\" class=\"cmsmastersLike cmsmasters_theme_icon_like\"><span>1 <\/span><\/a><\/span><\/div>\t<\/div>\r\n<\/article>\r\n<!-- Finish Posts Slider Post Article -->\r\n\r\n<\/div><div class=\"cmsmasters_owl_slider_item\"><!-- Start Posts Slider Post Article -->\r\n<article id=\"post-16840\" class=\"cmsmasters_slider_post post-16840 post type-post status-publish format-standard has-post-thumbnail hentry category-gt-3 category-live-18 category-resumos\">\r\n\t<div class=\"cmsmasters_slider_post_outer\">\r\n\t<div class=\"cmsmasters_slider_post_img_wrap\"><figure class=\"cmsmasters_img_rollover_wrap preloader\"><img loading=\"lazy\" decoding=\"async\" width=\"580\" height=\"580\" src=\"https:\/\/i0.wp.com\/culturas.cc\/congresso2020\/wp-content\/uploads\/sites\/9\/2020\/11\/GT3.png?resize=580%2C580&amp;ssl=1\" class=\"full-width wp-post-image\" alt=\"Comunica\u00e7\u00e3o e Intelig\u00eancia de Fontes Abertas\" title=\"GT3\" srcset=\"https:\/\/i0.wp.com\/culturas.cc\/congresso2020\/wp-content\/uploads\/sites\/9\/2020\/11\/GT3.png?w=600&amp;ssl=1 600w, https:\/\/i0.wp.com\/culturas.cc\/congresso2020\/wp-content\/uploads\/sites\/9\/2020\/11\/GT3.png?resize=300%2C300&amp;ssl=1 300w, https:\/\/i0.wp.com\/culturas.cc\/congresso2020\/wp-content\/uploads\/sites\/9\/2020\/11\/GT3.png?resize=150%2C150&amp;ssl=1 150w, https:\/\/i0.wp.com\/culturas.cc\/congresso2020\/wp-content\/uploads\/sites\/9\/2020\/11\/GT3.png?resize=180%2C180&amp;ssl=1 180w, https:\/\/i0.wp.com\/culturas.cc\/congresso2020\/wp-content\/uploads\/sites\/9\/2020\/11\/GT3.png?resize=580%2C580&amp;ssl=1 580w\" sizes=\"auto, (max-width: 580px) 100vw, 580px\" \/><div class=\"cmsmasters_img_rollover\"><a href=\"https:\/\/culturas.cc\/congresso2020\/16840\/\" title=\"Comunica\u00e7\u00e3o e Intelig\u00eancia de Fontes Abertas\" class=\"cmsmasters_open_link\"><\/a><\/div><\/figure><\/div><header class=\"cmsmasters_slider_post_header entry-header\"><h4 class=\"cmsmasters_slider_post_title entry-title\"><a href=\"https:\/\/culturas.cc\/congresso2020\/16840\/\">Comunica\u00e7\u00e3o e Intelig\u00eancia de Fontes Abertas<\/a><\/h4><\/header><div class=\"cmsmasters_slider_post_cont_info second entry-meta\"><span class=\"cmsmasters_slider_post_author\">by <a href=\"https:\/\/culturas.cc\/congresso2020\/author\/redeculturas\/\" title=\"Posts by culturas.cc\" class=\"vcard author\"><span class=\"fn\" rel=\"author\">culturas.cc<\/span><\/a><\/span><\/div><div class=\"cmsmasters_slider_post_cont_info third entry-meta\"><span class=\"cmsmasters_likes cmsmasters_slider_post_likes\"><a href=\"#\" onclick=\"cmsmastersLike(16840, false); return false;\" id=\"cmsmastersLike-16840\" class=\"cmsmastersLike cmsmasters_theme_icon_like\"><span>1 <\/span><\/a><\/span><\/div>\t<\/div>\r\n<\/article>\r\n<!-- Finish Posts Slider Post Article -->\r\n\r\n<\/div><div class=\"cmsmasters_owl_slider_item\"><!-- Start Posts Slider Post Article -->\r\n<article id=\"post-16844\" class=\"cmsmasters_slider_post post-16844 post type-post status-publish format-standard has-post-thumbnail hentry category-gt-3 category-live-18 category-resumos\">\r\n\t<div class=\"cmsmasters_slider_post_outer\">\r\n\t<div class=\"cmsmasters_slider_post_img_wrap\"><figure class=\"cmsmasters_img_rollover_wrap preloader\"><img loading=\"lazy\" decoding=\"async\" width=\"580\" height=\"580\" src=\"https:\/\/i0.wp.com\/culturas.cc\/congresso2020\/wp-content\/uploads\/sites\/9\/2020\/11\/GT3.png?resize=580%2C580&amp;ssl=1\" class=\"full-width wp-post-image\" alt=\"As plataformas digitais como ferramentas de acesso \u00e0 m\u00fasica cl\u00e1ssica: o caso OSESP\" title=\"GT3\" srcset=\"https:\/\/i0.wp.com\/culturas.cc\/congresso2020\/wp-content\/uploads\/sites\/9\/2020\/11\/GT3.png?w=600&amp;ssl=1 600w, https:\/\/i0.wp.com\/culturas.cc\/congresso2020\/wp-content\/uploads\/sites\/9\/2020\/11\/GT3.png?resize=300%2C300&amp;ssl=1 300w, https:\/\/i0.wp.com\/culturas.cc\/congresso2020\/wp-content\/uploads\/sites\/9\/2020\/11\/GT3.png?resize=150%2C150&amp;ssl=1 150w, https:\/\/i0.wp.com\/culturas.cc\/congresso2020\/wp-content\/uploads\/sites\/9\/2020\/11\/GT3.png?resize=180%2C180&amp;ssl=1 180w, https:\/\/i0.wp.com\/culturas.cc\/congresso2020\/wp-content\/uploads\/sites\/9\/2020\/11\/GT3.png?resize=580%2C580&amp;ssl=1 580w\" sizes=\"auto, (max-width: 580px) 100vw, 580px\" \/><div class=\"cmsmasters_img_rollover\"><a href=\"https:\/\/culturas.cc\/congresso2020\/16844\/\" title=\"As plataformas digitais como ferramentas de acesso \u00e0 m\u00fasica cl\u00e1ssica: o caso OSESP\" class=\"cmsmasters_open_link\"><\/a><\/div><\/figure><\/div><header class=\"cmsmasters_slider_post_header entry-header\"><h4 class=\"cmsmasters_slider_post_title entry-title\"><a href=\"https:\/\/culturas.cc\/congresso2020\/16844\/\">As plataformas digitais como ferramentas de acesso \u00e0 m\u00fasica cl\u00e1ssica: o caso OSESP<\/a><\/h4><\/header><div class=\"cmsmasters_slider_post_cont_info second entry-meta\"><span class=\"cmsmasters_slider_post_author\">by <a href=\"https:\/\/culturas.cc\/congresso2020\/author\/redeculturas\/\" title=\"Posts by culturas.cc\" class=\"vcard author\"><span class=\"fn\" rel=\"author\">culturas.cc<\/span><\/a><\/span><\/div><div class=\"cmsmasters_slider_post_cont_info third entry-meta\"><span class=\"cmsmasters_likes cmsmasters_slider_post_likes\"><a href=\"#\" onclick=\"cmsmastersLike(16844, false); return false;\" id=\"cmsmastersLike-16844\" class=\"cmsmastersLike cmsmasters_theme_icon_like\"><span>3 <\/span><\/a><\/span><\/div>\t<\/div>\r\n<\/article>\r\n<!-- Finish Posts Slider Post Article -->\r\n\r\n<\/div><\/div><\/div>","excerpt":"<p><strong>1\u00ba &#8211; Comunica\u00e7\u00e3o e Intelig\u00eancia de Fontes Abertas |\u00a0<\/strong>Miguel Ticom, <span style=\"font-weight: 400;\">Francisco Mesquita, <\/span><span style=\"font-weight: 400;\">Clarice Moreira Menezes<\/span><\/p>\n<p><strong>2\u00ba &#8211; O contributo da estrat\u00e9gia de comunica\u00e7\u00e3o digital para o desenvolvimento de pol\u00edticas culturais no Norte de Portugal \u2013 Galiza |<\/strong> Joana Tarana, <span style=\"font-weight: 400;\">Ivone Ferreira, <\/span><span style=\"font-weight: 400;\">Z\u00f3simo L\u00f3pez.<\/span><\/p>\n<p><strong>3\u00ba &#8211; As plataformas digitais como ferramentas de acesso \u00e0 m\u00fasica cl\u00e1ssica: o caso OSESP |\u00a0<\/strong><span style=\"font-weight: 400;\">Isadora Minas Langaro Carneiro, <\/span><span style=\"font-weight: 400;\">Allan Tadeu Pugliese, <\/span><span style=\"font-weight: 400;\">Bianca Persici Toniolo..<\/span><\/p>","slug":"live-18-gt3-cultura-desenvolvimento-redes-e-tecnologias","image":{"url":"https:\/\/i0.wp.com\/culturas.cc\/congresso2020\/wp-content\/uploads\/sites\/9\/2020\/11\/GT3-1.png?fit=600%2C600&ssl=1","id":17176,"extension":"png","width":600,"height":600,"sizes":{"medium":{"width":300,"height":300,"mime-type":"image\/png","url":"https:\/\/i0.wp.com\/culturas.cc\/congresso2020\/wp-content\/uploads\/sites\/9\/2020\/11\/GT3-1.png?fit=300%2C300&ssl=1"},"thumbnail":{"width":150,"height":150,"mime-type":"image\/png","url":"https:\/\/i0.wp.com\/culturas.cc\/congresso2020\/wp-content\/uploads\/sites\/9\/2020\/11\/GT3-1.png?resize=150%2C150&ssl=1"},"post-thumbnail":{"width":600,"height":575,"mime-type":"image\/png","url":"https:\/\/i0.wp.com\/culturas.cc\/congresso2020\/wp-content\/uploads\/sites\/9\/2020\/11\/GT3-1.png?resize=600%2C575&ssl=1"},"cmsmasters-small-thumb":{"width":180,"height":180,"mime-type":"image\/png","url":"https:\/\/i0.wp.com\/culturas.cc\/congresso2020\/wp-content\/uploads\/sites\/9\/2020\/11\/GT3-1.png?resize=180%2C180&ssl=1"},"cmsmasters-square-thumb":{"width":580,"height":580,"mime-type":"image\/png","url":"https:\/\/i0.wp.com\/culturas.cc\/congresso2020\/wp-content\/uploads\/sites\/9\/2020\/11\/GT3-1.png?resize=580%2C580&ssl=1"},"cmsmasters-blog-masonry-thumb":{"width":360,"height":460,"mime-type":"image\/png","url":"https:\/\/i0.wp.com\/culturas.cc\/congresso2020\/wp-content\/uploads\/sites\/9\/2020\/11\/GT3-1.png?resize=360%2C460&ssl=1"},"cmsmasters-project-thumb":{"width":580,"height":420,"mime-type":"image\/png","url":"https:\/\/i0.wp.com\/culturas.cc\/congresso2020\/wp-content\/uploads\/sites\/9\/2020\/11\/GT3-1.png?resize=580%2C420&ssl=1"},"cmsmasters-project-masonry-thumb":{"width":580,"height":580,"mime-type":"image\/png","url":"https:\/\/i0.wp.com\/culturas.cc\/congresso2020\/wp-content\/uploads\/sites\/9\/2020\/11\/GT3-1.png?fit=580%2C580&ssl=1"},"cmsmasters-project-full-thumb":{"width":600,"height":561,"mime-type":"image\/png","url":"https:\/\/i0.wp.com\/culturas.cc\/congresso2020\/wp-content\/uploads\/sites\/9\/2020\/11\/GT3-1.png?resize=600%2C561&ssl=1"}}},"all_day":false,"start_date":"2020-11-20 14:00:00","start_date_details":{"year":"2020","month":"11","day":"20","hour":"14","minutes":"00","seconds":"00"},"end_date":"2020-11-20 18:00:00","end_date_details":{"year":"2020","month":"11","day":"20","hour":"18","minutes":"00","seconds":"00"},"utc_start_date":"2020-11-20 17:00:00","utc_start_date_details":{"year":"2020","month":"11","day":"20","hour":"17","minutes":"00","seconds":"00"},"utc_end_date":"2020-11-20 21:00:00","utc_end_date_details":{"year":"2020","month":"11","day":"20","hour":"21","minutes":"00","seconds":"00"},"timezone":"America\/Bahia","timezone_abbr":"-03","cost":"","cost_details":{"currency_symbol":"","currency_code":"","currency_position":"prefix","values":[]},"website":"","show_map":false,"show_map_link":false,"hide_from_listings":false,"sticky":true,"featured":true,"categories":[{"name":"GT - 20NOV","slug":"gt-20nov","term_group":0,"term_taxonomy_id":149,"taxonomy":"tribe_events_cat","description":"","parent":147,"count":13,"filter":"raw","id":149,"urls":{"self":"https:\/\/culturas.cc\/congresso2020\/wp-json\/tribe\/events\/v1\/categories\/149","collection":"https:\/\/culturas.cc\/congresso2020\/wp-json\/tribe\/events\/v1\/categories","up":"https:\/\/culturas.cc\/congresso2020\/wp-json\/tribe\/events\/v1\/categories\/147"}}],"tags":[],"venue":[],"organizer":[],"custom_fields":[],"json_ld":{"@context":"http:\/\/schema.org","@type":"Event","name":"LIVE 18 | GT3 &#8211; Cultura, Desenvolvimento, Redes e Tecnologias","description":"&lt;p&gt;&lt;strong&gt;1\u00ba - Comunica\u00e7\u00e3o e Intelig\u00eancia de Fontes Abertas |\u00a0&lt;\/strong&gt;Miguel Ticom, &lt;span style=&quot;font-weight: 400&quot;&gt;Francisco Mesquita, &lt;\/span&gt;&lt;span style=&quot;font-weight: 400&quot;&gt;Clarice Moreira Menezes&lt;\/span&gt;&lt;\/p&gt;\\n&lt;p&gt;&lt;strong&gt;2\u00ba - O contributo da estrat\u00e9gia de comunica\u00e7\u00e3o digital para o desenvolvimento de pol\u00edticas culturais no Norte de Portugal \u2013 Galiza |&lt;\/strong&gt; Joana Tarana, &lt;span style=&quot;font-weight: 400&quot;&gt;Ivone Ferreira, &lt;\/span&gt;&lt;span style=&quot;font-weight: 400&quot;&gt;Z\u00f3simo L\u00f3pez.&lt;\/span&gt;&lt;\/p&gt;\\n&lt;p&gt;&lt;strong&gt;3\u00ba - As plataformas digitais como ferramentas de acesso \u00e0 m\u00fasica cl\u00e1ssica: o caso OSESP |\u00a0&lt;\/strong&gt;&lt;span style=&quot;font-weight: 400&quot;&gt;Isadora Minas Langaro Carneiro, &lt;\/span&gt;&lt;span style=&quot;font-weight: 400&quot;&gt;Allan Tadeu Pugliese, &lt;\/span&gt;&lt;span style=&quot;font-weight: 400&quot;&gt;Bianca Persici Toniolo..&lt;\/span&gt;&lt;\/p&gt;\\n","image":"https:\/\/culturas.cc\/congresso2020\/wp-content\/uploads\/sites\/9\/2020\/11\/GT3-1.png","url":"https:\/\/culturas.cc\/congresso2020\/event\/live-18-gt3-cultura-desenvolvimento-redes-e-tecnologias\/","eventAttendanceMode":"https:\/\/schema.org\/OfflineEventAttendanceMode","eventStatus":"https:\/\/schema.org\/EventScheduled","startDate":"2020-11-20T14:00:00-03:00","endDate":"2020-11-20T18:00:00-03:00","performer":"Organization"}}