{"id":16439,"global_id":"culturas.cc\/congresso2020?id=16439","global_id_lineage":["culturas.cc\/congresso2020?id=16439"],"author":"1","status":"publish","date":"2020-11-10 02:25:51","date_utc":"2020-11-10 05:25:51","modified":"2020-11-19 00:04:18","modified_utc":"2020-11-19 03:04:18","url":"https:\/\/culturas.cc\/congresso2020\/event\/live-11-gt5-cultura-comunicacao-artes-sensibilidade-e-saberes-populares\/","rest_url":"https:\/\/culturas.cc\/congresso2020\/wp-json\/tribe\/events\/v1\/events\/16439","title":"LIVE 11 | GT5 &#8211; Cultura, Comunica\u00e7\u00e3o, Artes, Sensibilidade e Saberes Populares","description":"<h3 style=\"text-align: center;\">Assista no Youtube<\/h3>\n<h2 style=\"text-align: center;\"><a href=\"https:\/\/www.youtube.com\/watch?v=fcTImx9WbC4\">Clique aqui<\/a><\/h2>\n<h3>Trabalhos<\/h3>\n<p><strong>1\u00ba &#8211; Materialidade fugaz: um percurso atrav\u00e9s da arte |\u00a0<\/strong><span style=\"font-weight: 400;\">Francisco Mesquita, Madeleine Muller.<br \/>\n<\/span><\/p>\n<p><strong>2\u00ba &#8211; Caminhos e descaminhos do patrim\u00f4nio imaterial baiano: experi\u00eancias em torno da salvaguarda e dos direitos culturais | <\/strong>Magnair Santos Barbosa,\u00a0Adriana Cerqueira Silva, N\u00edvea Alves dos Santos, Paula Pfl\u00fcger Zanardi, Maria Paula Adinolfi.<\/p>\n<p><strong>3\u00ba &#8211; Lab_museos: investiga\u00e7\u00f5es interdisciplinares e metodologias experimentais para (re)pensar os museus no Chile contempor\u00e2neo |\u00a0<\/strong>Yasmin Fabris, Ra\u00edza Cavalcanti, Angela Cort\u00e9s Per\u00e9z, Marisol Facuse.<\/p>\n<h3>Confira os resumos dos trabalhos:<\/h3>\n<div class=\"cmsmasters_posts_slider cmsmasters_posts_slider_post\" >\r\n\t\t<div id=\"cmsmasters_slider_lykcf8autl11\" class=\"cmsmasters_owl_slider owl-carousel\" data-items=\"3\" data-single-item=\"false\" data-auto-play=\"false\" data-pagination=\"false\"><div class=\"cmsmasters_owl_slider_item\"><!-- Start Posts Slider Post Article -->\r\n<article id=\"post-16879\" class=\"cmsmasters_slider_post post-16879 post type-post status-publish format-standard has-post-thumbnail hentry category-gt-5 category-live-11 category-resumos\">\r\n\t<div class=\"cmsmasters_slider_post_outer\">\r\n\t<div class=\"cmsmasters_slider_post_img_wrap\"><figure class=\"cmsmasters_img_rollover_wrap preloader\"><img loading=\"lazy\" decoding=\"async\" width=\"580\" height=\"580\" src=\"https:\/\/i0.wp.com\/culturas.cc\/congresso2020\/wp-content\/uploads\/sites\/9\/2020\/11\/gt5.png?resize=580%2C580&amp;ssl=1\" class=\"full-width wp-post-image\" alt=\"Materialidade fugaz: um percurso atrav\u00e9s da arte\" title=\"gt5\" srcset=\"https:\/\/i0.wp.com\/culturas.cc\/congresso2020\/wp-content\/uploads\/sites\/9\/2020\/11\/gt5.png?w=600&amp;ssl=1 600w, https:\/\/i0.wp.com\/culturas.cc\/congresso2020\/wp-content\/uploads\/sites\/9\/2020\/11\/gt5.png?resize=300%2C300&amp;ssl=1 300w, https:\/\/i0.wp.com\/culturas.cc\/congresso2020\/wp-content\/uploads\/sites\/9\/2020\/11\/gt5.png?resize=150%2C150&amp;ssl=1 150w, https:\/\/i0.wp.com\/culturas.cc\/congresso2020\/wp-content\/uploads\/sites\/9\/2020\/11\/gt5.png?resize=180%2C180&amp;ssl=1 180w, https:\/\/i0.wp.com\/culturas.cc\/congresso2020\/wp-content\/uploads\/sites\/9\/2020\/11\/gt5.png?resize=580%2C580&amp;ssl=1 580w\" sizes=\"auto, (max-width: 580px) 100vw, 580px\" \/><div class=\"cmsmasters_img_rollover\"><a href=\"https:\/\/culturas.cc\/congresso2020\/16879\/\" title=\"Materialidade fugaz: um percurso atrav\u00e9s da arte\" class=\"cmsmasters_open_link\"><\/a><\/div><\/figure><\/div><header class=\"cmsmasters_slider_post_header entry-header\"><h4 class=\"cmsmasters_slider_post_title entry-title\"><a href=\"https:\/\/culturas.cc\/congresso2020\/16879\/\">Materialidade fugaz: um percurso atrav\u00e9s da arte<\/a><\/h4><\/header><div class=\"cmsmasters_slider_post_cont_info second entry-meta\"><span class=\"cmsmasters_slider_post_author\">by <a href=\"https:\/\/culturas.cc\/congresso2020\/author\/redeculturas\/\" title=\"Posts by culturas.cc\" class=\"vcard author\"><span class=\"fn\" rel=\"author\">culturas.cc<\/span><\/a><\/span><\/div><div class=\"cmsmasters_slider_post_cont_info third entry-meta\"><span class=\"cmsmasters_likes cmsmasters_slider_post_likes\"><a href=\"#\" onclick=\"cmsmastersLike(16879, false); return false;\" id=\"cmsmastersLike-16879\" class=\"cmsmastersLike cmsmasters_theme_icon_like\"><span>1 <\/span><\/a><\/span><\/div>\t<\/div>\r\n<\/article>\r\n<!-- Finish Posts Slider Post Article -->\r\n\r\n<\/div><div class=\"cmsmasters_owl_slider_item\"><!-- Start Posts Slider Post Article -->\r\n<article id=\"post-16883\" class=\"cmsmasters_slider_post post-16883 post type-post status-publish format-standard has-post-thumbnail hentry category-gt-5 category-live-11 category-resumos\">\r\n\t<div class=\"cmsmasters_slider_post_outer\">\r\n\t<div class=\"cmsmasters_slider_post_img_wrap\"><figure class=\"cmsmasters_img_rollover_wrap preloader\"><img loading=\"lazy\" decoding=\"async\" width=\"580\" height=\"580\" src=\"https:\/\/i0.wp.com\/culturas.cc\/congresso2020\/wp-content\/uploads\/sites\/9\/2020\/11\/gt5.png?resize=580%2C580&amp;ssl=1\" class=\"full-width wp-post-image\" alt=\"Lab_museos: investiga\u00e7\u00f5es interdisciplinares e metodologias experimentais para (re)pensar os museus no Chile contempor\u00e2neo\" title=\"gt5\" srcset=\"https:\/\/i0.wp.com\/culturas.cc\/congresso2020\/wp-content\/uploads\/sites\/9\/2020\/11\/gt5.png?w=600&amp;ssl=1 600w, https:\/\/i0.wp.com\/culturas.cc\/congresso2020\/wp-content\/uploads\/sites\/9\/2020\/11\/gt5.png?resize=300%2C300&amp;ssl=1 300w, https:\/\/i0.wp.com\/culturas.cc\/congresso2020\/wp-content\/uploads\/sites\/9\/2020\/11\/gt5.png?resize=150%2C150&amp;ssl=1 150w, https:\/\/i0.wp.com\/culturas.cc\/congresso2020\/wp-content\/uploads\/sites\/9\/2020\/11\/gt5.png?resize=180%2C180&amp;ssl=1 180w, https:\/\/i0.wp.com\/culturas.cc\/congresso2020\/wp-content\/uploads\/sites\/9\/2020\/11\/gt5.png?resize=580%2C580&amp;ssl=1 580w\" sizes=\"auto, (max-width: 580px) 100vw, 580px\" \/><div class=\"cmsmasters_img_rollover\"><a href=\"https:\/\/culturas.cc\/congresso2020\/16883\/\" title=\"Lab_museos: investiga\u00e7\u00f5es interdisciplinares e metodologias experimentais para (re)pensar os museus no Chile contempor\u00e2neo\" class=\"cmsmasters_open_link\"><\/a><\/div><\/figure><\/div><header class=\"cmsmasters_slider_post_header entry-header\"><h4 class=\"cmsmasters_slider_post_title entry-title\"><a href=\"https:\/\/culturas.cc\/congresso2020\/16883\/\">Lab_museos: investiga\u00e7\u00f5es interdisciplinares e metodologias experimentais para (re)pensar os museus no Chile contempor\u00e2neo<\/a><\/h4><\/header><div class=\"cmsmasters_slider_post_cont_info second entry-meta\"><span class=\"cmsmasters_slider_post_author\">by <a href=\"https:\/\/culturas.cc\/congresso2020\/author\/redeculturas\/\" title=\"Posts by culturas.cc\" class=\"vcard author\"><span class=\"fn\" rel=\"author\">culturas.cc<\/span><\/a><\/span><\/div><div class=\"cmsmasters_slider_post_cont_info third entry-meta\"><span class=\"cmsmasters_likes cmsmasters_slider_post_likes\"><a href=\"#\" onclick=\"cmsmastersLike(16883, false); return false;\" id=\"cmsmastersLike-16883\" class=\"cmsmastersLike cmsmasters_theme_icon_like\"><span>1 <\/span><\/a><\/span><\/div>\t<\/div>\r\n<\/article>\r\n<!-- Finish Posts Slider Post Article -->\r\n\r\n<\/div><div class=\"cmsmasters_owl_slider_item\"><!-- Start Posts Slider Post Article -->\r\n<article id=\"post-16881\" class=\"cmsmasters_slider_post post-16881 post type-post status-publish format-standard has-post-thumbnail hentry category-gt-5 category-live-11 category-resumos\">\r\n\t<div class=\"cmsmasters_slider_post_outer\">\r\n\t<div class=\"cmsmasters_slider_post_img_wrap\"><figure class=\"cmsmasters_img_rollover_wrap preloader\"><img loading=\"lazy\" decoding=\"async\" width=\"580\" height=\"580\" src=\"https:\/\/i0.wp.com\/culturas.cc\/congresso2020\/wp-content\/uploads\/sites\/9\/2020\/11\/gt5.png?resize=580%2C580&amp;ssl=1\" class=\"full-width wp-post-image\" alt=\"Caminhos e descaminhos do patrim\u00f4nio imaterial baiano: experi\u00eancias em torno da salvaguarda e dos direitos culturais\" title=\"gt5\" srcset=\"https:\/\/i0.wp.com\/culturas.cc\/congresso2020\/wp-content\/uploads\/sites\/9\/2020\/11\/gt5.png?w=600&amp;ssl=1 600w, https:\/\/i0.wp.com\/culturas.cc\/congresso2020\/wp-content\/uploads\/sites\/9\/2020\/11\/gt5.png?resize=300%2C300&amp;ssl=1 300w, https:\/\/i0.wp.com\/culturas.cc\/congresso2020\/wp-content\/uploads\/sites\/9\/2020\/11\/gt5.png?resize=150%2C150&amp;ssl=1 150w, https:\/\/i0.wp.com\/culturas.cc\/congresso2020\/wp-content\/uploads\/sites\/9\/2020\/11\/gt5.png?resize=180%2C180&amp;ssl=1 180w, https:\/\/i0.wp.com\/culturas.cc\/congresso2020\/wp-content\/uploads\/sites\/9\/2020\/11\/gt5.png?resize=580%2C580&amp;ssl=1 580w\" sizes=\"auto, (max-width: 580px) 100vw, 580px\" \/><div class=\"cmsmasters_img_rollover\"><a href=\"https:\/\/culturas.cc\/congresso2020\/16881\/\" title=\"Caminhos e descaminhos do patrim\u00f4nio imaterial baiano: experi\u00eancias em torno da salvaguarda e dos direitos culturais\" class=\"cmsmasters_open_link\"><\/a><\/div><\/figure><\/div><header class=\"cmsmasters_slider_post_header entry-header\"><h4 class=\"cmsmasters_slider_post_title entry-title\"><a href=\"https:\/\/culturas.cc\/congresso2020\/16881\/\">Caminhos e descaminhos do patrim\u00f4nio imaterial baiano: experi\u00eancias em torno da salvaguarda e dos direitos culturais<\/a><\/h4><\/header><div class=\"cmsmasters_slider_post_cont_info second entry-meta\"><span class=\"cmsmasters_slider_post_author\">by <a href=\"https:\/\/culturas.cc\/congresso2020\/author\/redeculturas\/\" title=\"Posts by culturas.cc\" class=\"vcard author\"><span class=\"fn\" rel=\"author\">culturas.cc<\/span><\/a><\/span><\/div><div class=\"cmsmasters_slider_post_cont_info third entry-meta\"><span class=\"cmsmasters_likes cmsmasters_slider_post_likes\"><a href=\"#\" onclick=\"cmsmastersLike(16881, false); return false;\" id=\"cmsmastersLike-16881\" class=\"cmsmastersLike cmsmasters_theme_icon_like\"><span>1 <\/span><\/a><\/span><\/div>\t<\/div>\r\n<\/article>\r\n<!-- Finish Posts Slider Post Article -->\r\n\r\n<\/div><\/div><\/div>","excerpt":"<p><strong>1\u00ba &#8211; Materialidade fugaz: um percurso atrav\u00e9s da arte |\u00a0<\/strong><span style=\"font-weight: 400;\">Francisco Mesquita, Madeleine Muller.<br \/>\n<\/span><\/p>\n<p><strong>2\u00ba &#8211; Caminhos e descaminhos do patrim\u00f4nio imaterial baiano: experi\u00eancias em torno da salvaguarda e dos direitos culturais | <\/strong>Magnair Santos Barbosa,\u00a0Adriana Cerqueira Silva, N\u00edvea Alves dos Santos, Paula Pfl\u00fcger Zanardi, Maria Paula Adinolfi.<\/p>\n<p><strong>3\u00ba &#8211; Lab_museos: investiga\u00e7\u00f5es interdisciplinares e metodologias experimentais para (re)pensar os museus no Chile contempor\u00e2neo |\u00a0<\/strong>Yasmin Fabris, Ra\u00edza Cavalcanti, Angela Cort\u00e9s Per\u00e9z, Marisol Facuse.<\/p>","slug":"live-11-gt5-cultura-comunicacao-artes-sensibilidade-e-saberes-populares","image":{"url":"https:\/\/i0.wp.com\/culturas.cc\/congresso2020\/wp-content\/uploads\/sites\/9\/2020\/11\/gt5-1.png?fit=600%2C600&ssl=1","id":17178,"extension":"png","width":600,"height":600,"sizes":{"medium":{"width":300,"height":300,"mime-type":"image\/png","url":"https:\/\/i0.wp.com\/culturas.cc\/congresso2020\/wp-content\/uploads\/sites\/9\/2020\/11\/gt5-1.png?fit=300%2C300&ssl=1"},"thumbnail":{"width":150,"height":150,"mime-type":"image\/png","url":"https:\/\/i0.wp.com\/culturas.cc\/congresso2020\/wp-content\/uploads\/sites\/9\/2020\/11\/gt5-1.png?resize=150%2C150&ssl=1"},"post-thumbnail":{"width":600,"height":575,"mime-type":"image\/png","url":"https:\/\/i0.wp.com\/culturas.cc\/congresso2020\/wp-content\/uploads\/sites\/9\/2020\/11\/gt5-1.png?resize=600%2C575&ssl=1"},"cmsmasters-small-thumb":{"width":180,"height":180,"mime-type":"image\/png","url":"https:\/\/i0.wp.com\/culturas.cc\/congresso2020\/wp-content\/uploads\/sites\/9\/2020\/11\/gt5-1.png?resize=180%2C180&ssl=1"},"cmsmasters-square-thumb":{"width":580,"height":580,"mime-type":"image\/png","url":"https:\/\/i0.wp.com\/culturas.cc\/congresso2020\/wp-content\/uploads\/sites\/9\/2020\/11\/gt5-1.png?resize=580%2C580&ssl=1"},"cmsmasters-blog-masonry-thumb":{"width":360,"height":460,"mime-type":"image\/png","url":"https:\/\/i0.wp.com\/culturas.cc\/congresso2020\/wp-content\/uploads\/sites\/9\/2020\/11\/gt5-1.png?resize=360%2C460&ssl=1"},"cmsmasters-project-thumb":{"width":580,"height":420,"mime-type":"image\/png","url":"https:\/\/i0.wp.com\/culturas.cc\/congresso2020\/wp-content\/uploads\/sites\/9\/2020\/11\/gt5-1.png?resize=580%2C420&ssl=1"},"cmsmasters-project-masonry-thumb":{"width":580,"height":580,"mime-type":"image\/png","url":"https:\/\/i0.wp.com\/culturas.cc\/congresso2020\/wp-content\/uploads\/sites\/9\/2020\/11\/gt5-1.png?fit=580%2C580&ssl=1"},"cmsmasters-project-full-thumb":{"width":600,"height":561,"mime-type":"image\/png","url":"https:\/\/i0.wp.com\/culturas.cc\/congresso2020\/wp-content\/uploads\/sites\/9\/2020\/11\/gt5-1.png?resize=600%2C561&ssl=1"}}},"all_day":false,"start_date":"2020-11-19 14:00:00","start_date_details":{"year":"2020","month":"11","day":"19","hour":"14","minutes":"00","seconds":"00"},"end_date":"2020-11-19 18:30:00","end_date_details":{"year":"2020","month":"11","day":"19","hour":"18","minutes":"30","seconds":"00"},"utc_start_date":"2020-11-19 17:00:00","utc_start_date_details":{"year":"2020","month":"11","day":"19","hour":"17","minutes":"00","seconds":"00"},"utc_end_date":"2020-11-19 21:30:00","utc_end_date_details":{"year":"2020","month":"11","day":"19","hour":"21","minutes":"30","seconds":"00"},"timezone":"America\/Bahia","timezone_abbr":"-03","cost":"","cost_details":{"currency_symbol":"","currency_code":"","currency_position":"prefix","values":[]},"website":"","show_map":false,"show_map_link":false,"hide_from_listings":false,"sticky":true,"featured":true,"categories":[{"name":"GT - 19NOV","slug":"gt-19nov","term_group":0,"term_taxonomy_id":148,"taxonomy":"tribe_events_cat","description":"","parent":142,"count":11,"filter":"raw","id":148,"urls":{"self":"https:\/\/culturas.cc\/congresso2020\/wp-json\/tribe\/events\/v1\/categories\/148","collection":"https:\/\/culturas.cc\/congresso2020\/wp-json\/tribe\/events\/v1\/categories","up":"https:\/\/culturas.cc\/congresso2020\/wp-json\/tribe\/events\/v1\/categories\/142"}}],"tags":[],"venue":[],"organizer":[],"custom_fields":[],"json_ld":{"@context":"http:\/\/schema.org","@type":"Event","name":"LIVE 11 | GT5 &#8211; Cultura, Comunica\u00e7\u00e3o, Artes, Sensibilidade e Saberes Populares","description":"&lt;p&gt;&lt;strong&gt;1\u00ba - Materialidade fugaz: um percurso atrav\u00e9s da arte |\u00a0&lt;\/strong&gt;&lt;span style=&quot;font-weight: 400&quot;&gt;Francisco Mesquita, Madeleine Muller.&lt;br \/&gt;\\n&lt;\/span&gt;&lt;\/p&gt;\\n&lt;p&gt;&lt;strong&gt;2\u00ba - Caminhos e descaminhos do patrim\u00f4nio imaterial baiano: experi\u00eancias em torno da salvaguarda e dos direitos culturais | &lt;\/strong&gt;Magnair Santos Barbosa,\u00a0Adriana Cerqueira Silva, N\u00edvea Alves dos Santos, Paula Pfl\u00fcger Zanardi, Maria Paula Adinolfi.&lt;\/p&gt;\\n&lt;p&gt;&lt;strong&gt;3\u00ba - Lab_museos: investiga\u00e7\u00f5es interdisciplinares e metodologias experimentais para (re)pensar os museus no Chile contempor\u00e2neo |\u00a0&lt;\/strong&gt;Yasmin Fabris, Ra\u00edza Cavalcanti, Angela Cort\u00e9s Per\u00e9z, Marisol Facuse.&lt;\/p&gt;\\n","image":"https:\/\/culturas.cc\/congresso2020\/wp-content\/uploads\/sites\/9\/2020\/11\/gt5-1.png","url":"https:\/\/culturas.cc\/congresso2020\/event\/live-11-gt5-cultura-comunicacao-artes-sensibilidade-e-saberes-populares\/","eventAttendanceMode":"https:\/\/schema.org\/OfflineEventAttendanceMode","eventStatus":"https:\/\/schema.org\/EventScheduled","startDate":"2020-11-19T14:00:00-03:00","endDate":"2020-11-19T18:30:00-03:00","performer":"Organization"}}